[{"@context":"https:\/\/schema.org\/","@type":"Article","@id":"https:\/\/www.kulaga.cz\/dovolena-s-kompromisem\/#Article","mainEntityOfPage":"https:\/\/www.kulaga.cz\/dovolena-s-kompromisem\/","headline":"Dovolen\u00e1 s kompromisem","name":"Dovolen\u00e1 s kompromisem","description":"Nejhor\u0161\u00ed situace nastane, kdy\u017e jsou d\u011bti dv\u011b a ka\u017ed\u00e9 chce n\u011bkam jinam. Ov\u0161em\u017ee i tahle situace se d\u00e1 vy\u0159e\u0161it tak, \u017ee budete t\u00fdden tam a t\u00fdden onde. Budou spokojeni v\u0161ichni. Pokud ov\u0161em chcete dovolenou str\u00e1vit na jednom m\u00edst\u011b, bude to slo\u017eit\u011bj\u0161\u00ed. Pokud chce jedno d\u00edt\u011b k mo\u0159i a druh n\u011bkam do hor, bude to slo\u017eit\u00fd [&hellip;]","datePublished":"2023-11-02","dateModified":"2023-11-02","author":{"@type":"Person","@id":"https:\/\/www.kulaga.cz\/author\/#Person","name":"","url":"https:\/\/www.kulaga.cz\/author\/","identifier":1,"image":{"@type":"ImageObject","@id":"https:\/\/secure.gravatar.com\/avatar\/69bd9b72104e3ccfb6214cbd23cb226f96c6ecf33a2a351fa1d4682235118df3?s=96&d=mm&r=g","url":"https:\/\/secure.gravatar.com\/avatar\/69bd9b72104e3ccfb6214cbd23cb226f96c6ecf33a2a351fa1d4682235118df3?s=96&d=mm&r=g","height":96,"width":96}},"publisher":{"@type":"Organization","name":"kulaga.cz","logo":{"@type":"ImageObject","@id":"\/logo.png","url":"\/logo.png","width":600,"height":60}},"image":{"@type":"ImageObject","@id":"https:\/\/www.kulaga.cz\/wp-content\/uploads\/dovolen%C3%A1_5.jpg","url":"https:\/\/www.kulaga.cz\/wp-content\/uploads\/dovolen%C3%A1_5.jpg","height":0,"width":0},"url":"https:\/\/www.kulaga.cz\/dovolena-s-kompromisem\/","about":["Dovolen\u00e1"],"wordCount":426,"articleBody":"Nejhor\u0161\u00ed situace nastane, kdy\u017e jsou d\u011bti dv\u011b a ka\u017ed\u00e9 chce n\u011bkam jinam. Ov\u0161em\u017ee i tahle situace se d\u00e1 vy\u0159e\u0161it tak, \u017ee budete t\u00fdden tam a t\u00fdden onde. Budou spokojeni v\u0161ichni. Pokud ov\u0161em chcete dovolenou str\u00e1vit na jednom m\u00edst\u011b, bude to slo\u017eit\u011bj\u0161\u00ed. Pokud chce jedno d\u00edt\u011b k mo\u0159i a druh n\u011bkam do hor, bude to slo\u017eit\u00fd o\u0159\u00ed\u0161ek. Jedin\u011b jeden rok vyhov\u011bt jednomu a dal\u0161\u00ed rok druh\u00e9mu. Tak se vlastn\u011b pod\u011bl\u00ed ob\u011b d\u011bti a rodi\u010de maj\u00ed pokoj. Jen\u017ee, co kdy\u017e cht\u011bj\u00ed pr\u00e1v\u011b oni n\u011bkam naprosto jinam? \u00a0Pokud jsou d\u011bti star\u0161\u00ed, lze to na n\u011bjak\u00fd \u010das \u0159e\u0161it odlou\u010den\u00edm, tedy, pokud ta mo\u017enost je, tr\u00e1vit \u010d\u00e1st pr\u00e1zdnin ka\u017ed\u00fd zvl\u00e1\u0161\u0165. Ne ka\u017ed\u00e9mu to asi bude po chuti, ale d\u011bti v ur\u010dit\u00e9m v\u011bku ji\u017e na p\u0159\u00edtomnosti rodi\u010d\u016f a u nich jaksi netrvaj\u00ed. Maj\u00ed p\u0159ece sv\u00e9 kamar\u00e1dy. A ti jim dostate\u010dn\u011b vyhovuj\u00ed. Doba dovolen\u00e9 je nav\u00edc ur\u010dena k tomu, aby se \u010dlov\u011bk rekreoval. Tedy, aby si odpo\u010dinul jak fyzicky, tak i psychicky. Co\u017e v praxi pln\u00ed nap\u0159\u00edklad dovolen\u00e1 u mo\u0159e. Ov\u0161em\u017ee ne ka\u017ed\u00fd to takto v\u00edt\u00e1. Jsou lid\u00e9, pro kter\u00e9 tento druh odpo\u010dinku neplat\u00ed. Oni se rad\u011bji potuluj\u00ed po hor\u00e1ch a po les\u00edch. V\u00fdhled na palouk prosv\u00edcen\u00fd sluncem je pro n\u011b v\u00edce ne\u017e voda u mo\u0159e. A kdy\u017e si mohou ve\u010der op\u00e9ci na p\u0159\u00edrodn\u00edm oh\u00fdnku n\u011bkolik \u0161pek\u00e1\u010dk\u016f, jsou spokojen\u011bj\u0161\u00ed, ne\u017e kdy\u017e n\u011bkdo u mo\u0159e chroup\u00e1 kavi\u00e1r. Ka\u017ed\u00fd z lid\u00ed hled\u00e1 sv\u00e9 \u0161t\u011bst\u00ed jinde. A v\u011b\u0159te tomu, \u017ee ti lid\u00e9, kte\u0159\u00ed p\u0159es dovolenou nachodili stovky kilometr\u016f se mohou c\u00edtit odpo\u010dinut\u011bj\u0161\u00ed v\u00edce ne\u017e ti, kte\u0159\u00ed se n\u011bjak moc nepohybovali. Je to d\u00e1no tak\u00e9 hodn\u011b stylem \u017eivota. Ti, kte\u0159\u00ed ka\u017ed\u00fd v\u00edkend vyr\u00e1\u017eej\u00ed n\u011bkam do les\u016f a hor tak asi nepojedou na dovolenou n\u011bkam na pl\u00e1\u017e. I kdy\u017e ani to nemus\u00ed b\u00fdt pravda. Vyzkou\u0161et by si to rozhodn\u011b m\u011bli. I u mo\u0159e se daj\u00ed pro\u017e\u00edt zaj\u00edmav\u00e9 okam\u017eiky na kter\u00e9 budete jist\u011b velmi r\u00e1di vzpom\u00ednat. Nezb\u00fdv\u00e1 ne\u017e v\u00e1m pop\u0159\u00e1t kr\u00e1snou dovolenou plnou klidu a pohody. Mo\u017en\u00e1 se tam n\u011bkde potk\u00e1me.\u00a0                                                                                                                                                                                                                                                                                                                                                                                                "},{"@context":"https:\/\/schema.org\/","@type":"BreadcrumbList","itemListElement":[{"@type":"ListItem","position":1,"name":"Dovolen\u00e1 s kompromisem","item":"https:\/\/www.kulaga.cz\/dovolena-s-kompromisem\/#breadcrumbitem"}]}]