[{"@context":"https:\/\/schema.org\/","@type":"Article","@id":"https:\/\/www.kulaga.cz\/dovolena-s-pronajatym-vozem-na-tema-rozhledny\/#Article","mainEntityOfPage":"https:\/\/www.kulaga.cz\/dovolena-s-pronajatym-vozem-na-tema-rozhledny\/","headline":"Dovolen\u00e1 s pronajat\u00fdm vozem na t\u00e9ma rozhledny","name":"Dovolen\u00e1 s pronajat\u00fdm vozem na t\u00e9ma rozhledny","description":"Napadlo v\u00e1s n\u011bkdy vz\u00edt si p\u00e1r dn\u016f dovolen\u00e9 nebo si prodlou\u017eit v\u00edkend a vyu\u017e\u00edt t\u00e9to situace k d\u016fkladn\u00e9 prohl\u00eddce na\u0161ich rozhleden? Zn\u00e1te herce Lu\u010fka Munzara? Tato hereck\u00e1 osobnost byla velk\u00fdm zast\u00e1ncem na\u0161ich rozhleden a v roce 1998 se pan Munzar vypravil na dlouhou cestu nap\u0159\u00ed\u010d republikou, aby zmapoval v\u011bt\u0161inu t\u011bchto staveb a vytvo\u0159il souhrnn\u00e9 d\u00edlo [&hellip;]","datePublished":"2024-07-06","dateModified":"2024-07-06","author":{"@type":"Person","@id":"https:\/\/www.kulaga.cz\/author\/#Person","name":"","url":"https:\/\/www.kulaga.cz\/author\/","identifier":1,"image":{"@type":"ImageObject","@id":"https:\/\/secure.gravatar.com\/avatar\/69bd9b72104e3ccfb6214cbd23cb226f96c6ecf33a2a351fa1d4682235118df3?s=96&d=mm&r=g","url":"https:\/\/secure.gravatar.com\/avatar\/69bd9b72104e3ccfb6214cbd23cb226f96c6ecf33a2a351fa1d4682235118df3?s=96&d=mm&r=g","height":96,"width":96}},"publisher":{"@type":"Organization","name":"kulaga.cz","logo":{"@type":"ImageObject","@id":"\/logo.png","url":"\/logo.png","width":600,"height":60}},"image":{"@type":"ImageObject","@id":"https:\/\/www.kulaga.cz\/wp-content\/uploads\/lookout-tower-202747_640.jpg","url":"https:\/\/www.kulaga.cz\/wp-content\/uploads\/lookout-tower-202747_640.jpg","height":0,"width":0},"url":"https:\/\/www.kulaga.cz\/dovolena-s-pronajatym-vozem-na-tema-rozhledny\/","about":["Podnik\u00e1n\u00ed"],"wordCount":450,"articleBody":"          Napadlo v\u00e1s n\u011bkdy vz\u00edt si p\u00e1r dn\u016f dovolen\u00e9 nebo si prodlou\u017eit v\u00edkend a vyu\u017e\u00edt t\u00e9to situace k d\u016fkladn\u00e9 prohl\u00eddce na\u0161ich rozhleden? Zn\u00e1te herce Lu\u010fka Munzara? Tato hereck\u00e1 osobnost byla velk\u00fdm zast\u00e1ncem na\u0161ich rozhleden a v roce 1998 se pan Munzar vypravil na dlouhou cestu nap\u0159\u00ed\u010d republikou, aby zmapoval v\u011bt\u0161inu t\u011bchto staveb a vytvo\u0159il souhrnn\u00e9 d\u00edlo s poutav\u00fdm podtextem \u201eRozhl\u00e9dni se \u010dlov\u011b\u010de\u201c. V podobn\u00e9m duchu se m\u016f\u017eete vypravit za rozhlednami i vy. Od roku 1998 jich na na\u0161em \u00fazem\u00ed tak\u00e9 n\u011bkolik des\u00edtek p\u0159ibylo, ale podstatn\u00e9 je, \u017ee pln\u00ed sv\u016fj \u00fa\u010del tak, jako ty p\u0159ede\u0161l\u00e9 \u2013 poskytuj\u00ed n\u00e1dhern\u00e9 v\u00fdhledy do krajiny a hlav\u011b bo\u017esk\u00fd klid. P\u0159i pohledu z rozhledny se v\u00e1m taj\u00ed dech a m\u00e1te kone\u010dn\u011b \u010das tak\u00e9 sami na sebe &#8211; na rozj\u00edm\u00e1n\u00ed a meditaci. K cest\u011b za rozhlednami si m\u016f\u017eete pronajmout v\u016fz z autop\u016fj\u010dovny v Praze. M\u016f\u017ee to b\u00fdt osobn\u00ed automobil, pokud cestujete ve \u010dty\u0159ech, nap\u0159\u00edklad v r\u00e1mci rodiny, anebo je-li v\u00e1s v\u00edc, lze si pronajmout i mikrobus pro dev\u00edti\u010dlennou pos\u00e1dku v\u010detn\u011b \u0159idi\u010de. http:\/\/www.hlucin.cz\/cs\/urad-a-samosprava\/pro-ridice\/  A jak\u00e9 vyhl\u00eddkov\u00e9 v\u011b\u017ee by se v\u00e1m mohly l\u00edbit nejv\u00edc, a z jak\u00fdch ochoz\u016f stoj\u00ed za to se d\u00edvat kolem sebe?\u010cern\u00e1 v\u011b\u017e \u2013 vystoupejte v centru \u010cesk\u00fdch Bud\u011bjovic na dominantu m\u011bsta, stoj\u00ed to za to, spat\u0159\u00edte odtud i Kle\u0165 \u2013 nejvy\u0161\u0161\u00ed vrchol Blansk\u00e9ho lesa.Kle\u0165 \u2013 za slune\u010dn\u00e9ho po\u010das\u00ed je odtud tak fantastick\u00fd v\u00fdhled, \u017ee se v\u00e1m nebude cht\u00edt ani sl\u00e9zat dol\u016f.Kl\u00ednovec \u2013 nejvy\u0161\u0161\u00ed hora Kru\u0161n\u00fdch hor v\u00e1s p\u0159ekvap\u00ed sv\u00fdmi dalek\u00fdmi rozhledy a op\u011bt p\u0159ipom\u00edn\u00e1me \u2013 chce to jasn\u00e9 nebe a Slunce nad hlavou.Kr\u00e1lovka \u2013 jedna z nejzaj\u00edmav\u011bj\u0161\u00edch rozhleden v \u010cech\u00e1ch \u2013 najdete ji nad Bed\u0159ichovem a pod rozhlednou si m\u016f\u017eete dop\u0159\u00e1t n\u011bco dobr\u00e9ho na zub v m\u00edstn\u00ed restauraci. Je tu opravdu kr\u00e1sn\u011b, mohlo by se v\u00e1m tu l\u00edbit tamn\u00ed prost\u0159ed\u00ed Jizersk\u00fdch hor.Bramberk \u2013 m\u00e9n\u011b zn\u00e1m\u00e1 rozhledna, ale rozhodn\u011b stoj\u00ed za zhl\u00e9dnut\u00ed. Rozhled do kopc\u016f Jizersk\u00fdch hor pohlad\u00ed na du\u0161i a samotn\u00e1 rozhledna se nach\u00e1z\u00ed v m\u00edstech, kde byste si mohli zajistit ubytov\u00e1n\u00ed, a kdy lze pro\u017e\u00edt i t\u00fddenn\u00ed dovolenou spojenou s cykloturistikou. Doporu\u010dujeme Horn\u00ed Maxov, Doln\u00ed Maxov nebo Josef\u016fv D\u016fl.                                                                                                                                                                                                                                                                                                                                                                                                   "},{"@context":"https:\/\/schema.org\/","@type":"BreadcrumbList","itemListElement":[{"@type":"ListItem","position":1,"name":"Dovolen\u00e1 s pronajat\u00fdm vozem na t\u00e9ma rozhledny","item":"https:\/\/www.kulaga.cz\/dovolena-s-pronajatym-vozem-na-tema-rozhledny\/#breadcrumbitem"}]}]