[{"@context":"https:\/\/schema.org\/","@type":"Article","@id":"https:\/\/www.kulaga.cz\/elegantni-cesta-z-patra-do-patra\/#Article","mainEntityOfPage":"https:\/\/www.kulaga.cz\/elegantni-cesta-z-patra-do-patra\/","headline":"Elegantn\u00ed cesta z patra do patra","name":"Elegantn\u00ed cesta z patra do patra","description":"Jestli\u017ee je zapot\u0159eb\u00ed naj\u00edt \u0159e\u0161en\u00ed pro schodi\u0161t\u011b, kter\u00e9 m\u00e1 slou\u017eit jako \u00fanikov\u00e1 cesta, pak se jist\u011b nebude jednat o masivn\u00ed typ, kter\u00fd zabere zbyte\u010dn\u011b moc m\u00edsta. Je tak\u00e9 zapot\u0159eb\u00ed, aby byla tato komunikace dostate\u010dn\u011b sch\u016fdn\u00e1 a pro chodce pohodln\u00e1. Ide\u00e1ln\u00edm \u0159e\u0161en\u00edm jsou to\u010dit\u00e9 schody. o Jejich konstruk\u010dn\u00ed \u0159e\u0161en\u00ed zajist\u00ed, \u017ee nezaberou p\u0159\u00edli\u0161 m\u00edsta a budou [&hellip;]","datePublished":"2019-06-17","dateModified":"2019-06-17","author":{"@type":"Person","@id":"https:\/\/www.kulaga.cz\/author\/#Person","name":"","url":"https:\/\/www.kulaga.cz\/author\/","identifier":1,"image":{"@type":"ImageObject","@id":"https:\/\/secure.gravatar.com\/avatar\/69bd9b72104e3ccfb6214cbd23cb226f96c6ecf33a2a351fa1d4682235118df3?s=96&d=mm&r=g","url":"https:\/\/secure.gravatar.com\/avatar\/69bd9b72104e3ccfb6214cbd23cb226f96c6ecf33a2a351fa1d4682235118df3?s=96&d=mm&r=g","height":96,"width":96}},"publisher":{"@type":"Organization","name":"kulaga.cz","logo":{"@type":"ImageObject","@id":"\/logo.png","url":"\/logo.png","width":600,"height":60}},"image":{"@type":"ImageObject","@id":"https:\/\/www.kulaga.cz\/wp-content\/uploads\/img_a355742_w1702_t1570187643.jpg","url":"https:\/\/www.kulaga.cz\/wp-content\/uploads\/img_a355742_w1702_t1570187643.jpg","height":0,"width":0},"url":"https:\/\/www.kulaga.cz\/elegantni-cesta-z-patra-do-patra\/","about":["Pen\u00edze"],"wordCount":403,"articleBody":"       Jestli\u017ee je zapot\u0159eb\u00ed naj\u00edt \u0159e\u0161en\u00ed pro schodi\u0161t\u011b, kter\u00e9 m\u00e1 slou\u017eit jako \u00fanikov\u00e1 cesta, pak se jist\u011b nebude jednat o masivn\u00ed typ, kter\u00fd zabere zbyte\u010dn\u011b moc m\u00edsta. Je tak\u00e9 zapot\u0159eb\u00ed, aby byla tato komunikace dostate\u010dn\u011b sch\u016fdn\u00e1 a pro chodce pohodln\u00e1. Ide\u00e1ln\u00edm \u0159e\u0161en\u00edm jsou to\u010dit\u00e9 schody. o Jejich konstruk\u010dn\u00ed \u0159e\u0161en\u00ed zajist\u00ed, \u017ee nezaberou p\u0159\u00edli\u0161 m\u00edsta a budou i natolik vkusn\u00e9, \u017ee doslova splynou s ka\u017ed\u00fdm interi\u00e9rem i exteri\u00e9rem. o Tento typ schodi\u0161t\u011b se toti\u017e nepou\u017e\u00edv\u00e1 jen pro mo\u017enost \u00fanikov\u00e9 cesty. \u00b7 Hod\u00ed se velice dob\u0159e do v\u011bt\u0161iny interi\u00e9r\u016f jako spojovac\u00ed komunikace mezi jednotliv\u00fdmi poschod\u00edmi. \u00b7 Proto je m\u016f\u017eeme naj\u00edt i v mnoha reprezentativn\u00edch budov\u00e1ch. Sklouben\u00edm vhodn\u00fdch materi\u00e1l\u016f se tak m\u016f\u017ee vytvo\u0159it dokonal\u00fd designov\u00fd prvek, kter\u00fd cel\u00fd prostor pat\u0159i\u010dn\u011b pozvedne. Tento typ schodi\u0161t\u011b se \u0159ad\u00ed mezi schodi\u0161t\u011b obloukov\u00e9. \u010casto se tak\u00e9 naz\u00fdv\u00e1 k\u0159ivo\u010dar\u00e9. o Rozd\u00edl mezi jednotliv\u00fdmi typy je p\u0159edev\u0161\u00edm ve st\u0159edov\u00e9m sloupu. o N\u011bkter\u00e9 typy ho maj\u00ed a n\u011bkter\u00e9 jsou konstruk\u010dn\u011b \u0159e\u0161en\u00e9 i bez tohoto prvku. Schodi\u0161\u0165ov\u00e9 stupn\u011b musej\u00ed b\u00fdt odoln\u00e9 i esteticky dokonal\u00e9  Co ale \u017e\u00e1dn\u00e9mu schodi\u0161ti pochopiteln\u011b chyb\u011bt nem\u016f\u017ee, jsou schodi\u0161\u0165ov\u00e9 stupn\u011b. Od nich se o\u010dek\u00e1v\u00e1 velk\u00e1 odolnost v\u016f\u010di mechanick\u00e9mu po\u0161kozen\u00ed a v p\u0159\u00edpad\u011b venkovn\u00edho prost\u0159ed\u00ed tak\u00e9 odolnost v\u016f\u010di pov\u011btrnostn\u00edm vliv\u016fm. Velk\u00fd d\u016fraz je kladen tak\u00e9 na estetickou str\u00e1nku. \u00b7 Na jejich v\u00fdrobu pro vnit\u0159n\u00ed prostory se tedy pou\u017e\u00edvaj\u00ed p\u0159edev\u0161\u00edm d\u0159ev\u011bn\u00e9 materi\u00e1ly. \u00b7 Mohou to b\u00fdt klasick\u00e9 bukov\u00e9 nebo dubov\u00e9 prvky, ale v sou\u010dasn\u00e9 dob\u011b se bytov\u00ed design\u00e9\u0159i nevyh\u00fdbaj\u00ed ani exotick\u00fdm druh\u016fm d\u0159eva. o Jejich p\u0159\u00edrodn\u00ed podoba m\u016f\u017ee b\u00fdt o\u0161et\u0159ena lakov\u00e1n\u00edm nebo voskov\u00e1n\u00edm. o T\u00edm se zachov\u00e1 jejich p\u0159irozen\u00fd vzhled. o Nen\u00ed ale probl\u00e9m pou\u017e\u00edt i mo\u0159en\u00ed do r\u016fzn\u00fdch odst\u00edn\u016f anebo b\u011blen\u00ed.P\u0159esto, \u017ee se to\u010dit\u00e9 schodi\u0161t\u011b vyu\u017e\u00edv\u00e1 p\u0159edev\u0161\u00edm do m\u00edstnost\u00ed s men\u0161\u00edmi prostorov\u00fdmi mo\u017enostmi, m\u016f\u017ee b\u00fdt instalov\u00e1no prakticky v\u0161ude.                                                                                                                                                                                                                                                                                                                                                                                                   "},{"@context":"https:\/\/schema.org\/","@type":"BreadcrumbList","itemListElement":[{"@type":"ListItem","position":1,"name":"Elegantn\u00ed cesta z patra do patra","item":"https:\/\/www.kulaga.cz\/elegantni-cesta-z-patra-do-patra\/#breadcrumbitem"}]}]