[{"@context":"https:\/\/schema.org\/","@type":"Article","@id":"https:\/\/www.kulaga.cz\/oslava-na-kterou-se-nezapomina\/#Article","mainEntityOfPage":"https:\/\/www.kulaga.cz\/oslava-na-kterou-se-nezapomina\/","headline":"Oslava, na kterou se nezapom\u00edn\u00e1","name":"Oslava, na kterou se nezapom\u00edn\u00e1","description":"Milujete party, oslavy a v\u016fbec ve\u0161ker\u00e9 mimo\u0159\u00e1dn\u00e9 p\u0159\u00edle\u017eitosti, kter\u00e9 d\u00e1vaj\u00ed d\u016fvod k tomu, abychom se se\u0161li se sv\u00fdmi p\u0159\u00e1teli a \u010dleny rodiny? Pak jist\u011b neponech\u00e1v\u00e1te nic n\u00e1hod\u011b, sna\u017e\u00edte se zajistit dobr\u00e9 j\u00eddlo, pit\u00ed, p\u0159\u00edjemn\u00e9 posezen\u00ed. A co program? Ponech\u00e1v\u00e1te ho pouze na hostech, dop\u0159\u00e1v\u00e1te jim volnou z\u00e1bavu? Ale co kdy\u017e se host\u00e9 mezi sebou dob\u0159e [&hellip;]","datePublished":"2023-05-28","dateModified":"2024-06-04","author":{"@type":"Person","@id":"https:\/\/www.kulaga.cz\/author\/#Person","name":"","url":"https:\/\/www.kulaga.cz\/author\/","identifier":1,"image":{"@type":"ImageObject","@id":"https:\/\/secure.gravatar.com\/avatar\/69bd9b72104e3ccfb6214cbd23cb226f96c6ecf33a2a351fa1d4682235118df3?s=96&d=mm&r=g","url":"https:\/\/secure.gravatar.com\/avatar\/69bd9b72104e3ccfb6214cbd23cb226f96c6ecf33a2a351fa1d4682235118df3?s=96&d=mm&r=g","height":96,"width":96}},"publisher":{"@type":"Organization","name":"kulaga.cz","logo":{"@type":"ImageObject","@id":"\/logo.png","url":"\/logo.png","width":600,"height":60}},"url":"https:\/\/www.kulaga.cz\/oslava-na-kterou-se-nezapomina\/","wordCount":239,"articleBody":"Milujete party, oslavy a v\u016fbec ve\u0161ker\u00e9 mimo\u0159\u00e1dn\u00e9 p\u0159\u00edle\u017eitosti, kter\u00e9 d\u00e1vaj\u00ed d\u016fvod k tomu, abychom se se\u0161li se sv\u00fdmi p\u0159\u00e1teli a \u010dleny rodiny? Pak jist\u011b neponech\u00e1v\u00e1te nic n\u00e1hod\u011b, sna\u017e\u00edte se zajistit dobr\u00e9 j\u00eddlo, pit\u00ed, p\u0159\u00edjemn\u00e9 posezen\u00ed. A co program? Ponech\u00e1v\u00e1te ho pouze na hostech, dop\u0159\u00e1v\u00e1te jim volnou z\u00e1bavu? Ale co kdy\u017e se host\u00e9 mezi sebou dob\u0159e neznaj\u00ed? Zajist\u011bte na sv\u00e9 oslav\u011b v\u0161e a\u017e do toho posledn\u00edho punt\u00edku. Nejen d\u011btsk\u00e1 party nesm\u00ed postr\u00e1dat kouzeln\u00edka \u2013 FB, pozv\u011bte ho i na oslavu pro dosp\u011bl\u00e9, budete se bavit stejn\u011b dob\u0159e jako d\u011bti.Program pro ka\u017ed\u00e9hoNedomn\u00edvejte se v\u0161ak, \u017ee ten, kdo \u010d\u00e1ry a magii skute\u010dn\u011b ovl\u00e1d\u00e1, bude m\u00edt toto\u017en\u00fd program pro d\u011bti i dosp\u011bl\u00e9. V\u011bzte, \u017ee program je p\u0159izp\u016fsoben v\u011bkov\u00e9mu slo\u017een\u00ed publika. Proto si Martin pr\u00e1v\u011b pro Va\u0161i oslavu p\u0159iprav\u00ed takov\u00fd program, kter\u00fd V\u00e1s doslova chytne. V\u00edte, co je to mikromagie? Je to z\u00e1bava, je to \u00fa\u017eas, je to jedna z mo\u017enost\u00ed, mimochodem velmi p\u0159\u00edjemn\u00e1, jak nechat vzniknout uvoln\u011bnou atmosf\u00e9ru, jak rozproudit nenucenou z\u00e1bavu. V\u011bzte, \u017ee triky, kter\u00e9 bude Martin prov\u00e1d\u011bt p\u0159\u00edmo mezi V\u00e1mi, jste je\u0161t\u011b nevid\u011bli.                                                                                                                                                                                                                                                                                                                                                                                                "},{"@context":"https:\/\/schema.org\/","@type":"BreadcrumbList","itemListElement":[{"@type":"ListItem","position":1,"name":"Oslava, na kterou se nezapom\u00edn\u00e1","item":"https:\/\/www.kulaga.cz\/oslava-na-kterou-se-nezapomina\/#breadcrumbitem"}]}]