[{"@context":"https:\/\/schema.org\/","@type":"Blog","@id":"https:\/\/www.kulaga.cz#Blog","headline":"Kulaga","description":"\nNikdy nen\u00ed tak zle, aby se to nedalo n\u011bjak napravit nebo aspo\u0148 vylep\u0161it. A s\u00a0pomoc\u00ed na\u0161eho webu se ur\u010dit\u011b n\u011bjak\u00e9ho toho rozumn\u00e9ho \u0159e\u0161en\u00ed trabl\u016f doberete.","url":"https:\/\/www.kulaga.cz","hasPart":[{"@type":"Article","@id":"https:\/\/www.kulaga.cz\/kvalitni-domacnost-diky-led-zarovkam\/","headline":"Kvalitn\u00ed dom\u00e1cnost d\u00edky LED \u017e\u00e1rovk\u00e1m","url":"https:\/\/www.kulaga.cz\/kvalitni-domacnost-diky-led-zarovkam\/","datePublished":"2023-10-09","dateModified":"2023-10-09","mainEntityOfPage":"https:\/\/www.kulaga.cz\/kvalitni-domacnost-diky-led-zarovkam\/","author":{"@type":"Person","@id":"https:\/\/www.kulaga.cz\/author\/#Person","name":"","url":"https:\/\/www.kulaga.cz\/author\/","identifier":1,"image":{"@type":"ImageObject","@id":"https:\/\/secure.gravatar.com\/avatar\/69bd9b72104e3ccfb6214cbd23cb226f96c6ecf33a2a351fa1d4682235118df3?s=96&d=mm&r=g","url":"https:\/\/secure.gravatar.com\/avatar\/69bd9b72104e3ccfb6214cbd23cb226f96c6ecf33a2a351fa1d4682235118df3?s=96&d=mm&r=g","height":96,"width":96}},"publisher":{"@type":"Organization","name":"kulaga.cz","logo":{"@type":"ImageObject","@id":"\/logo.png","url":"\/logo.png","width":600,"height":60}},"image":null,"wordCount":262,"keywords":null},{"@type":"Article","@id":"https:\/\/www.kulaga.cz\/sibenik\/","headline":"\u0160ibenik","url":"https:\/\/www.kulaga.cz\/sibenik\/","datePublished":"2023-09-30","dateModified":"2023-09-30","mainEntityOfPage":"https:\/\/www.kulaga.cz\/sibenik\/","author":{"@type":"Person","@id":"https:\/\/www.kulaga.cz\/author\/#Person","name":"","url":"https:\/\/www.kulaga.cz\/author\/","identifier":1,"image":{"@type":"ImageObject","@id":"https:\/\/secure.gravatar.com\/avatar\/69bd9b72104e3ccfb6214cbd23cb226f96c6ecf33a2a351fa1d4682235118df3?s=96&d=mm&r=g","url":"https:\/\/secure.gravatar.com\/avatar\/69bd9b72104e3ccfb6214cbd23cb226f96c6ecf33a2a351fa1d4682235118df3?s=96&d=mm&r=g","height":96,"width":96}},"publisher":{"@type":"Organization","name":"kulaga.cz","logo":{"@type":"ImageObject","@id":"\/logo.png","url":"\/logo.png","width":600,"height":60}},"image":{"@type":"ImageObject","@id":"https:\/\/www.kulaga.cz\/wp-content\/uploads\/mediterranean-4710099_640.jpg","url":"https:\/\/www.kulaga.cz\/wp-content\/uploads\/mediterranean-4710099_640.jpg","height":0,"width":0},"wordCount":527,"keywords":null},{"@type":"Article","@id":"https:\/\/www.kulaga.cz\/soucasti-zdrave-vyzivy-jsou-i-zeleninove-stavy\/","headline":"Sou\u010d\u00e1st\u00ed zdrav\u00e9 v\u00fd\u017eivy jsou i zeleninov\u00e9 \u0161\u0165\u00e1vy","url":"https:\/\/www.kulaga.cz\/soucasti-zdrave-vyzivy-jsou-i-zeleninove-stavy\/","datePublished":"2023-09-29","dateModified":"2023-09-29","mainEntityOfPage":"https:\/\/www.kulaga.cz\/soucasti-zdrave-vyzivy-jsou-i-zeleninove-stavy\/","author":{"@type":"Person","@id":"https:\/\/www.kulaga.cz\/author\/#Person","name":"","url":"https:\/\/www.kulaga.cz\/author\/","identifier":1,"image":{"@type":"ImageObject","@id":"https:\/\/secure.gravatar.com\/avatar\/69bd9b72104e3ccfb6214cbd23cb226f96c6ecf33a2a351fa1d4682235118df3?s=96&d=mm&r=g","url":"https:\/\/secure.gravatar.com\/avatar\/69bd9b72104e3ccfb6214cbd23cb226f96c6ecf33a2a351fa1d4682235118df3?s=96&d=mm&r=g","height":96,"width":96}},"publisher":{"@type":"Organization","name":"kulaga.cz","logo":{"@type":"ImageObject","@id":"\/logo.png","url":"\/logo.png","width":600,"height":60}},"image":{"@type":"ImageObject","@id":"https:\/\/www.kulaga.cz\/wp-content\/uploads\/carrot-juice-1623157_640_2.jpg","url":"https:\/\/www.kulaga.cz\/wp-content\/uploads\/carrot-juice-1623157_640_2.jpg","height":0,"width":0},"wordCount":512,"keywords":null},{"@type":"Article","@id":"https:\/\/www.kulaga.cz\/na-podzim-v-horach-uzijete-i-rukavice\/","headline":"Na podzim v hor\u00e1ch u\u017eijete i rukavice","url":"https:\/\/www.kulaga.cz\/na-podzim-v-horach-uzijete-i-rukavice\/","datePublished":"2023-09-25","dateModified":"2023-09-25","mainEntityOfPage":"https:\/\/www.kulaga.cz\/na-podzim-v-horach-uzijete-i-rukavice\/","author":{"@type":"Person","@id":"https:\/\/www.kulaga.cz\/author\/#Person","name":"","url":"https:\/\/www.kulaga.cz\/author\/","identifier":1,"image":{"@type":"ImageObject","@id":"https:\/\/secure.gravatar.com\/avatar\/69bd9b72104e3ccfb6214cbd23cb226f96c6ecf33a2a351fa1d4682235118df3?s=96&d=mm&r=g","url":"https:\/\/secure.gravatar.com\/avatar\/69bd9b72104e3ccfb6214cbd23cb226f96c6ecf33a2a351fa1d4682235118df3?s=96&d=mm&r=g","height":96,"width":96}},"publisher":{"@type":"Organization","name":"kulaga.cz","logo":{"@type":"ImageObject","@id":"\/logo.png","url":"\/logo.png","width":600,"height":60}},"image":{"@type":"ImageObject","@id":"https:\/\/www.kulaga.cz\/wp-content\/uploads\/nature-7196459_640_1.jpg","url":"https:\/\/www.kulaga.cz\/wp-content\/uploads\/nature-7196459_640_1.jpg","height":0,"width":0},"wordCount":603,"keywords":null},{"@type":"Article","@id":"https:\/\/www.kulaga.cz\/auto-a-motorka\/","headline":"Auto a motorka","url":"https:\/\/www.kulaga.cz\/auto-a-motorka\/","datePublished":"2023-09-18","dateModified":"2024-06-18","mainEntityOfPage":"https:\/\/www.kulaga.cz\/auto-a-motorka\/","author":{"@type":"Person","@id":"https:\/\/www.kulaga.cz\/author\/#Person","name":"","url":"https:\/\/www.kulaga.cz\/author\/","identifier":1,"image":{"@type":"ImageObject","@id":"https:\/\/secure.gravatar.com\/avatar\/69bd9b72104e3ccfb6214cbd23cb226f96c6ecf33a2a351fa1d4682235118df3?s=96&d=mm&r=g","url":"https:\/\/secure.gravatar.com\/avatar\/69bd9b72104e3ccfb6214cbd23cb226f96c6ecf33a2a351fa1d4682235118df3?s=96&d=mm&r=g","height":96,"width":96}},"publisher":{"@type":"Organization","name":"kulaga.cz","logo":{"@type":"ImageObject","@id":"\/logo.png","url":"\/logo.png","width":600,"height":60}},"image":{"@type":"ImageObject","@id":"https:\/\/www.kulaga.cz\/wp-content\/uploads\/breakdown-984835_960_720.jpg","url":"https:\/\/www.kulaga.cz\/wp-content\/uploads\/breakdown-984835_960_720.jpg","height":0,"width":0},"wordCount":512,"keywords":null},{"@type":"Article","@id":"https:\/\/www.kulaga.cz\/stylove-hrejive-a-kvalitni\/","headline":"Stylov\u00e9, h\u0159ejiv\u00e9 a kvalitn\u00ed","url":"https:\/\/www.kulaga.cz\/stylove-hrejive-a-kvalitni\/","datePublished":"2023-09-02","dateModified":"2023-09-02","mainEntityOfPage":"https:\/\/www.kulaga.cz\/stylove-hrejive-a-kvalitni\/","author":{"@type":"Person","@id":"https:\/\/www.kulaga.cz\/author\/#Person","name":"","url":"https:\/\/www.kulaga.cz\/author\/","identifier":1,"image":{"@type":"ImageObject","@id":"https:\/\/secure.gravatar.com\/avatar\/69bd9b72104e3ccfb6214cbd23cb226f96c6ecf33a2a351fa1d4682235118df3?s=96&d=mm&r=g","url":"https:\/\/secure.gravatar.com\/avatar\/69bd9b72104e3ccfb6214cbd23cb226f96c6ecf33a2a351fa1d4682235118df3?s=96&d=mm&r=g","height":96,"width":96}},"publisher":{"@type":"Organization","name":"kulaga.cz","logo":{"@type":"ImageObject","@id":"\/logo.png","url":"\/logo.png","width":600,"height":60}},"image":null,"wordCount":254,"keywords":null},{"@type":"Article","@id":"https:\/\/www.kulaga.cz\/lide-a-sezeni-u-pocitace\/","headline":"Lid\u00e9 a sezen\u00ed u po\u010d\u00edta\u010de","url":"https:\/\/www.kulaga.cz\/lide-a-sezeni-u-pocitace\/","datePublished":"2023-07-31","dateModified":"2024-06-04","mainEntityOfPage":"https:\/\/www.kulaga.cz\/lide-a-sezeni-u-pocitace\/","author":{"@type":"Person","@id":"https:\/\/www.kulaga.cz\/author\/#Person","name":"","url":"https:\/\/www.kulaga.cz\/author\/","identifier":1,"image":{"@type":"ImageObject","@id":"https:\/\/secure.gravatar.com\/avatar\/69bd9b72104e3ccfb6214cbd23cb226f96c6ecf33a2a351fa1d4682235118df3?s=96&d=mm&r=g","url":"https:\/\/secure.gravatar.com\/avatar\/69bd9b72104e3ccfb6214cbd23cb226f96c6ecf33a2a351fa1d4682235118df3?s=96&d=mm&r=g","height":96,"width":96}},"publisher":{"@type":"Organization","name":"kulaga.cz","logo":{"@type":"ImageObject","@id":"\/logo.png","url":"\/logo.png","width":600,"height":60}},"image":{"@type":"ImageObject","@id":"https:\/\/www.kulaga.cz\/wp-content\/uploads\/desk-593327_640_5.jpg","url":"https:\/\/www.kulaga.cz\/wp-content\/uploads\/desk-593327_640_5.jpg","height":0,"width":0},"wordCount":569,"keywords":null},{"@type":"Article","@id":"https:\/\/www.kulaga.cz\/pratele-a-motorky\/","headline":"P\u0159\u00e1tel\u00e9 a motorky","url":"https:\/\/www.kulaga.cz\/pratele-a-motorky\/","datePublished":"2023-07-28","dateModified":"2024-06-28","mainEntityOfPage":"https:\/\/www.kulaga.cz\/pratele-a-motorky\/","author":{"@type":"Person","@id":"https:\/\/www.kulaga.cz\/author\/#Person","name":"","url":"https:\/\/www.kulaga.cz\/author\/","identifier":1,"image":{"@type":"ImageObject","@id":"https:\/\/secure.gravatar.com\/avatar\/69bd9b72104e3ccfb6214cbd23cb226f96c6ecf33a2a351fa1d4682235118df3?s=96&d=mm&r=g","url":"https:\/\/secure.gravatar.com\/avatar\/69bd9b72104e3ccfb6214cbd23cb226f96c6ecf33a2a351fa1d4682235118df3?s=96&d=mm&r=g","height":96,"width":96}},"publisher":{"@type":"Organization","name":"kulaga.cz","logo":{"@type":"ImageObject","@id":"\/logo.png","url":"\/logo.png","width":600,"height":60}},"image":{"@type":"ImageObject","@id":"https:\/\/www.kulaga.cz\/wp-content\/uploads\/motorcycle-3791453_960_720.jpg","url":"https:\/\/www.kulaga.cz\/wp-content\/uploads\/motorcycle-3791453_960_720.jpg","height":0,"width":0},"wordCount":504,"keywords":null},{"@type":"Article","@id":"https:\/\/www.kulaga.cz\/pro-den-jako-z-pohadky\/","headline":"Pro den jako z poh\u00e1dky","url":"https:\/\/www.kulaga.cz\/pro-den-jako-z-pohadky\/","datePublished":"2023-07-26","dateModified":"2023-07-26","mainEntityOfPage":"https:\/\/www.kulaga.cz\/pro-den-jako-z-pohadky\/","author":{"@type":"Person","@id":"https:\/\/www.kulaga.cz\/author\/#Person","name":"","url":"https:\/\/www.kulaga.cz\/author\/","identifier":1,"image":{"@type":"ImageObject","@id":"https:\/\/secure.gravatar.com\/avatar\/69bd9b72104e3ccfb6214cbd23cb226f96c6ecf33a2a351fa1d4682235118df3?s=96&d=mm&r=g","url":"https:\/\/secure.gravatar.com\/avatar\/69bd9b72104e3ccfb6214cbd23cb226f96c6ecf33a2a351fa1d4682235118df3?s=96&d=mm&r=g","height":96,"width":96}},"publisher":{"@type":"Organization","name":"kulaga.cz","logo":{"@type":"ImageObject","@id":"\/logo.png","url":"\/logo.png","width":600,"height":60}},"image":null,"wordCount":324,"keywords":null},{"@type":"Article","@id":"https:\/\/www.kulaga.cz\/nevhodne-obleceni\/","headline":"Nevhodn\u00e9 oble\u010den\u00ed","url":"https:\/\/www.kulaga.cz\/nevhodne-obleceni\/","datePublished":"2023-06-28","dateModified":"2024-06-04","mainEntityOfPage":"https:\/\/www.kulaga.cz\/nevhodne-obleceni\/","author":{"@type":"Person","@id":"https:\/\/www.kulaga.cz\/author\/#Person","name":"","url":"https:\/\/www.kulaga.cz\/author\/","identifier":1,"image":{"@type":"ImageObject","@id":"https:\/\/secure.gravatar.com\/avatar\/69bd9b72104e3ccfb6214cbd23cb226f96c6ecf33a2a351fa1d4682235118df3?s=96&d=mm&r=g","url":"https:\/\/secure.gravatar.com\/avatar\/69bd9b72104e3ccfb6214cbd23cb226f96c6ecf33a2a351fa1d4682235118df3?s=96&d=mm&r=g","height":96,"width":96}},"publisher":{"@type":"Organization","name":"kulaga.cz","logo":{"@type":"ImageObject","@id":"\/logo.png","url":"\/logo.png","width":600,"height":60}},"image":{"@type":"ImageObject","@id":"https:\/\/www.kulaga.cz\/wp-content\/uploads\/laundry-963150_640_3.jpg","url":"https:\/\/www.kulaga.cz\/wp-content\/uploads\/laundry-963150_640_3.jpg","height":0,"width":0},"wordCount":524,"keywords":null}]},{"@context":"https:\/\/schema.org","@type":"WebSite","@id":"https:\/\/www.kulaga.cz\/#website","name":"Kulaga","url":"https:\/\/www.kulaga.cz","potentialAction":{"@type":"SearchAction","target":"https:\/\/www.kulaga.cz\/?s={search_term_string}","query-input":"required name=search_term_string"}}]