[{"@context":"https:\/\/schema.org\/","@type":"Article","@id":"https:\/\/www.kulaga.cz\/pro-obchodni-i-soukrome-ucely\/#Article","mainEntityOfPage":"https:\/\/www.kulaga.cz\/pro-obchodni-i-soukrome-ucely\/","headline":"Pro obchodn\u00ed, i soukrom\u00e9 \u00fa\u010dely","name":"Pro obchodn\u00ed, i soukrom\u00e9 \u00fa\u010dely","description":"Pokud ve sv\u00e9m \u017eivot\u011b hodn\u011b cestujeme, v\u017edy se n\u00e1m zajist\u00e9 hod\u00ed n\u011bjak\u00e9 vozidlo. Co kdy\u017e se ale stane, \u017ee na\u0161e auto p\u0159estane z ni\u010deho nic jezdit a my jej mus\u00edme odlo\u017eit do servisu? Ti, co nemaj\u00ed z\u00e1lo\u017en\u00ed v\u016fz, jsou odk\u00e1z\u00e1ni na kamar\u00e1dy, av\u0161ak i ti nejsou spolehliv\u00ed, a to hlavn\u011b tehdy, kdy\u017e mus\u00edte jet nap\u0159\u00edklad [&hellip;]","datePublished":"2023-06-01","dateModified":"2024-06-04","author":{"@type":"Person","@id":"https:\/\/www.kulaga.cz\/author\/#Person","name":"","url":"https:\/\/www.kulaga.cz\/author\/","identifier":1,"image":{"@type":"ImageObject","@id":"https:\/\/secure.gravatar.com\/avatar\/69bd9b72104e3ccfb6214cbd23cb226f96c6ecf33a2a351fa1d4682235118df3?s=96&d=mm&r=g","url":"https:\/\/secure.gravatar.com\/avatar\/69bd9b72104e3ccfb6214cbd23cb226f96c6ecf33a2a351fa1d4682235118df3?s=96&d=mm&r=g","height":96,"width":96}},"publisher":{"@type":"Organization","name":"kulaga.cz","logo":{"@type":"ImageObject","@id":"\/logo.png","url":"\/logo.png","width":600,"height":60}},"url":"https:\/\/www.kulaga.cz\/pro-obchodni-i-soukrome-ucely\/","wordCount":238,"articleBody":"Pokud ve sv\u00e9m \u017eivot\u011b hodn\u011b cestujeme, v\u017edy se n\u00e1m zajist\u00e9 hod\u00ed n\u011bjak\u00e9 vozidlo. Co kdy\u017e se ale stane, \u017ee na\u0161e auto p\u0159estane z ni\u010deho nic jezdit a my jej mus\u00edme odlo\u017eit do servisu? Ti, co nemaj\u00ed z\u00e1lo\u017en\u00ed v\u016fz, jsou odk\u00e1z\u00e1ni na kamar\u00e1dy, av\u0161ak i ti nejsou spolehliv\u00ed, a to hlavn\u011b tehdy, kdy\u017e mus\u00edte jet nap\u0159\u00edklad p\u0159es celou \u010cR. Je proto dobr\u00e9 se spolehnout na autop\u016fj\u010dovny Praha, kter\u00e9 v\u00e1m mohou zajistit p\u0159esn\u011b takov\u00fd v\u016fz, jak\u00fd budete cht\u00edt. Je to p\u0159\u00edle\u017eitost, kterou je dobr\u00e9 vyu\u017e\u00edt, kdy\u017e si chcete b\u00fdt jisti maxim\u00e1ln\u00edm komfortem p\u0159i cestov\u00e1n\u00ed.Nebudete na nikoho odk\u00e1z\u00e1niV\u011b\u0159te, \u017ee je to p\u0159\u00edle\u017eitost, jak si efektivn\u011b a bez probl\u00e9mu pomoci. P\u016fj\u010dovna v Praze v\u00e1m je kdykoliv k dispozici, a to i tehdy, kdy\u017e pot\u0159ebujete n\u011bjak\u00fd dopravn\u00ed prost\u0159edek pro cestov\u00e1n\u00ed jak po samotn\u00e9m m\u011bst\u011b, tak i nap\u0159\u00edklad do zahrani\u010d\u00ed. Vyplat\u00ed se vyu\u017e\u00edt tyto slu\u017eby, a to hlavn\u011b tehdy, kdy\u017e m\u00e1te sv\u016fj v\u016fz, a tento pot\u0159ebujete vyu\u017e\u00edt jen ob\u010das. Rozhodn\u011b se v\u00e1m to vyplat\u00ed z toho d\u016fvodu, \u017ee nebudete muset zbyte\u010dn\u011b jezdit m\u011bstskou hromadnou dopravou, nebo se obracet na p\u0159\u00e1tele.                                                                                                                                                                                                                                                                                                                                                                                                "},{"@context":"https:\/\/schema.org\/","@type":"BreadcrumbList","itemListElement":[{"@type":"ListItem","position":1,"name":"Pro obchodn\u00ed, i soukrom\u00e9 \u00fa\u010dely","item":"https:\/\/www.kulaga.cz\/pro-obchodni-i-soukrome-ucely\/#breadcrumbitem"}]}]