[{"@context":"https:\/\/schema.org\/","@type":"Article","@id":"https:\/\/www.kulaga.cz\/proc-nas-tak-laka-dovolena-v-teple-u-more\/#Article","mainEntityOfPage":"https:\/\/www.kulaga.cz\/proc-nas-tak-laka-dovolena-v-teple-u-more\/","headline":"Pro\u010d n\u00e1s tak l\u00e1k\u00e1 dovolen\u00e1 v teple u mo\u0159e","name":"Pro\u010d n\u00e1s tak l\u00e1k\u00e1 dovolen\u00e1 v teple u mo\u0159e","description":"Jednou z\u00a0v\u011bc\u00ed, na kter\u00e9 se ka\u017ed\u00fd z\u00a0n\u00e1s t\u011b\u0161\u00ed, je bezesporu dovolen\u00e1. A ka\u017ed\u00fd z\u00a0n\u00e1s m\u00e1 svou vlastn\u00ed p\u0159edstavu, jak je nejlep\u0161\u00ed ji ide\u00e1ln\u011b str\u00e1vit. Av\u0161ak navzdory tomu, co by se mohlo zd\u00e1t, je v\u00a0nadpolovi\u010dn\u00ed v\u011bt\u0161in\u011b tato p\u0159edstava v\u00a0podstat\u011b stejn\u00e1 \u2013 str\u00e1v\u00edme ji v\u00a0teple u mo\u0159e, nejl\u00e9pe n\u011bkde, kde jsou p\u00edse\u010dn\u00e9 pl\u00e1\u017ee. \u017de se v\u00e1m tato [&hellip;]","datePublished":"2023-12-12","dateModified":"2023-12-12","author":{"@type":"Person","@id":"https:\/\/www.kulaga.cz\/author\/#Person","name":"","url":"https:\/\/www.kulaga.cz\/author\/","identifier":1,"image":{"@type":"ImageObject","@id":"https:\/\/secure.gravatar.com\/avatar\/69bd9b72104e3ccfb6214cbd23cb226f96c6ecf33a2a351fa1d4682235118df3?s=96&d=mm&r=g","url":"https:\/\/secure.gravatar.com\/avatar\/69bd9b72104e3ccfb6214cbd23cb226f96c6ecf33a2a351fa1d4682235118df3?s=96&d=mm&r=g","height":96,"width":96}},"publisher":{"@type":"Organization","name":"kulaga.cz","logo":{"@type":"ImageObject","@id":"\/logo.png","url":"\/logo.png","width":600,"height":60}},"image":{"@type":"ImageObject","@id":"https:\/\/www.kulaga.cz\/wp-content\/uploads\/cestovani2_9.jpg","url":"https:\/\/www.kulaga.cz\/wp-content\/uploads\/cestovani2_9.jpg","height":0,"width":0},"url":"https:\/\/www.kulaga.cz\/proc-nas-tak-laka-dovolena-v-teple-u-more\/","about":["Dovolen\u00e1"],"wordCount":452,"articleBody":"Jednou z\u00a0v\u011bc\u00ed, na kter\u00e9 se ka\u017ed\u00fd z\u00a0n\u00e1s t\u011b\u0161\u00ed, je bezesporu dovolen\u00e1. A ka\u017ed\u00fd z\u00a0n\u00e1s m\u00e1 svou vlastn\u00ed p\u0159edstavu, jak je nejlep\u0161\u00ed ji ide\u00e1ln\u011b str\u00e1vit. Av\u0161ak navzdory tomu, co by se mohlo zd\u00e1t, je v\u00a0nadpolovi\u010dn\u00ed v\u011bt\u0161in\u011b tato p\u0159edstava v\u00a0podstat\u011b stejn\u00e1 \u2013 str\u00e1v\u00edme ji v\u00a0teple u mo\u0159e, nejl\u00e9pe n\u011bkde, kde jsou p\u00edse\u010dn\u00e9 pl\u00e1\u017ee. \u017de se v\u00e1m tato p\u0159edstava zamlouv\u00e1? Pak jste jedn\u00edm z\u00a0nich.\u00a0\u00a0Ot\u00e1zkou v\u0161ak je, pro\u010d n\u00e1s l\u00e1k\u00e1 pr\u00e1v\u011b tohle. Koneckonc\u016f existuje mnoho nejr\u016fzn\u011bj\u0161\u00edch mo\u017enost\u00ed, jak dovolenou str\u00e1vit, od toho b\u00fdt doma p\u0159es hory a\u017e po cestov\u00e1n\u00ed po nejr\u016fzn\u011bj\u0161\u00edch p\u0159\u00edrodn\u00edch \u010di um\u011bl\u00fdch kr\u00e1s\u00e1ch. My se v\u0161ak z\u00a0valn\u00e9 v\u011bt\u0161iny dr\u017e\u00edme t\u00e9to p\u0159edstavy, a to hned z\u00a0n\u011bkolika d\u016fvod\u016f.\u00a0T\u00edm prvn\u00edm je marketing. V\u00a0televizi, p\u0159edev\u0161\u00edm pak ve filmech, je n\u00e1m v\u00a0podstat\u011b neust\u00e1le podsouv\u00e1no, \u017ee se jedn\u00e1 prakticky o r\u00e1j. A jeliko\u017e jsme, a\u0165 u\u017e si to uv\u011bdomujeme, nebo ne, k\u00a0tomuto druhu manipulace n\u00e1chyln\u00ed, je jasn\u00e9, \u017ee tomu velmi snadno podlehneme. Ov\u0161em ani tento marketing se nezrodil jen tak.\u00a0\u00a0Ve skute\u010dnosti vych\u00e1z\u00ed z\u00a0na\u0161ich z\u00e1kladn\u00edch instinkt\u016f. A\u010dkoliv to v\u011bt\u0161ina z\u00a0n\u00e1s p\u0159ehl\u00ed\u017e\u00ed, jsme p\u016fvodn\u011b z\u00a0tropick\u00e9ho klimatu africk\u00fdch savan. Jist\u011b, m\u016f\u017eeme nad\u00e1vat v\u00a0l\u00e9t\u011b na p\u0159\u00edli\u0161n\u00e9 horko, av\u0161ak nem\u016f\u017eeme zast\u0159\u00edt, \u017ee teplo je n\u00e1m podstatn\u011b p\u0159\u00edjemn\u011bj\u0161\u00ed, ne\u017e zima. Instinktivn\u011b se tou\u017e\u00edme vr\u00e1tit do m\u00edst, kde by n\u00e1m technicky vzato m\u011blo b\u00fdt nejl\u00e9pe, tedy do trop\u016f. Pl\u00e1\u017e a mo\u0159e, to u\u017e je jen d\u00edlo marketingu, nebo\u0165 vypad\u00e1 velmi dob\u0159e ve filmech i na obr\u00e1zc\u00edch.\u00a0Znamen\u00e1 to tedy, \u017ee bychom tam nem\u011bli jezdit? Rozhodn\u011b ne, naopak. Na\u0161e t\u011blo v\u00ed, co je pro n\u011bj dobr\u00e9, a to je tepl\u00e9 klima. Je v\u0161ak nutn\u00e9 m\u00edt na pam\u011bti, \u017ee ji\u017e po nes\u010detn\u00e9 generace \u017eijeme v\u00a0m\u00edrn\u00e9m p\u00e1smu, a tak horko nezvl\u00e1d\u00e1me ani zdaleka tak, jako m\u00edstn\u00ed. Probl\u00e9mem je p\u0159edev\u0161\u00edm \u00fapal, \u00fa\u017eeh a sp\u00e1leniny. Proto bychom si m\u011bli sebou v\u017edy p\u0159ibalit opalovac\u00ed kr\u00e9m, ide\u00e1ln\u011b s\u00a0vysok\u00fdm ochrann\u00fdm faktorem, a neopalovat se v\u00a0dob\u011b, kdy Slunce z\u00e1\u0159\u00ed nejintenzivn\u011bji. Bylo by to jen k\u00a0na\u0161\u00ed \u0161kod\u011b.                                                                                                                                                                                                                                                                                                                                                                                                "},{"@context":"https:\/\/schema.org\/","@type":"BreadcrumbList","itemListElement":[{"@type":"ListItem","position":1,"name":"Pro\u010d n\u00e1s tak l\u00e1k\u00e1 dovolen\u00e1 v teple u mo\u0159e","item":"https:\/\/www.kulaga.cz\/proc-nas-tak-laka-dovolena-v-teple-u-more\/#breadcrumbitem"}]}]