[{"@context":"https:\/\/schema.org\/","@type":"Article","@id":"https:\/\/www.kulaga.cz\/profesionalni-uklid-spolecnych-prostor-na-sidlisti-v-praze\/#Article","mainEntityOfPage":"https:\/\/www.kulaga.cz\/profesionalni-uklid-spolecnych-prostor-na-sidlisti-v-praze\/","headline":"Profesion\u00e1ln\u00ed \u00faklid spole\u010dn\u00fdch prostor na s\u00eddli\u0161ti v Praze","name":"Profesion\u00e1ln\u00ed \u00faklid spole\u010dn\u00fdch prostor na s\u00eddli\u0161ti v Praze","description":"Zn\u00e1te filmov\u00fd seri\u00e1l \u201eDnes v jednom dom\u011b\u201c? Odehr\u00e1v\u00e1 se za socialismu v sedmdes\u00e1t\u00fdch letech, v dob\u011b v\u00fdstavby panelov\u00fdch s\u00eddli\u0161\u0165. Sv\u00fdm zp\u016fsobem to byla propagace tamn\u00edho re\u017eimu, i kdy\u017e se seri\u00e1l sp\u00ed\u0161e zam\u011b\u0159oval na osudy jednotliv\u00fdch postav, ale my bychom v\u00e1s r\u00e1di nasm\u011brovali k uv\u011bdom\u011bn\u00ed, \u017ee tehdy bylo bydlen\u00ed v panel\u00e1c\u00edch skute\u010dn\u011b nez\u00e1vid\u011bn\u00ed hodn\u00e9. Lid\u00e9 klop\u00fdtali [&hellip;]","datePublished":"2024-11-09","dateModified":"2024-11-09","author":{"@type":"Person","@id":"https:\/\/www.kulaga.cz\/author\/#Person","name":"","url":"https:\/\/www.kulaga.cz\/author\/","identifier":1,"image":{"@type":"ImageObject","@id":"https:\/\/secure.gravatar.com\/avatar\/69bd9b72104e3ccfb6214cbd23cb226f96c6ecf33a2a351fa1d4682235118df3?s=96&d=mm&r=g","url":"https:\/\/secure.gravatar.com\/avatar\/69bd9b72104e3ccfb6214cbd23cb226f96c6ecf33a2a351fa1d4682235118df3?s=96&d=mm&r=g","height":96,"width":96}},"publisher":{"@type":"Organization","name":"kulaga.cz","logo":{"@type":"ImageObject","@id":"\/logo.png","url":"\/logo.png","width":600,"height":60}},"image":{"@type":"ImageObject","@id":"https:\/\/www.kulaga.cz\/wp-content\/uploads\/clean-1133487_640_2.jpg","url":"https:\/\/www.kulaga.cz\/wp-content\/uploads\/clean-1133487_640_2.jpg","height":0,"width":0},"url":"https:\/\/www.kulaga.cz\/profesionalni-uklid-spolecnych-prostor-na-sidlisti-v-praze\/","about":["Podnik\u00e1n\u00ed"],"wordCount":431,"articleBody":"       Zn\u00e1te filmov\u00fd seri\u00e1l \u201eDnes v jednom dom\u011b\u201c? Odehr\u00e1v\u00e1 se za socialismu v sedmdes\u00e1t\u00fdch letech, v dob\u011b v\u00fdstavby panelov\u00fdch s\u00eddli\u0161\u0165. Sv\u00fdm zp\u016fsobem to byla propagace tamn\u00edho re\u017eimu, i kdy\u017e se seri\u00e1l sp\u00ed\u0161e zam\u011b\u0159oval na osudy jednotliv\u00fdch postav, ale my bychom v\u00e1s r\u00e1di nasm\u011brovali k uv\u011bdom\u011bn\u00ed, \u017ee tehdy bylo bydlen\u00ed v panel\u00e1c\u00edch skute\u010dn\u011b nez\u00e1vid\u011bn\u00ed hodn\u00e9. Lid\u00e9 klop\u00fdtali po neupraven\u00e9m ter\u00e9nu, \u0159ada blok\u016f byla teprve ve v\u00fdstavb\u011b a s\u00eddli\u0161t\u011b ji\u017e z d\u00e1li p\u016fsobilo sp\u00ed\u0161e depresivn\u011b. Od t\u00e9 doby ale uplynulo p\u016fl stolet\u00ed, domy se obl\u00e9kly do nov\u00e9ho kab\u00e1tu, jsou zateplen\u00e9, s nov\u00fdmi okny a okol\u00ed dom\u016f ji\u017e zdob\u00ed vzrostl\u00e9 listnat\u00e9 \u010di jehli\u010dnat\u00e9 stromy a ke\u0159e. Parkov\u00e9 z\u00f3ny dopl\u0148uj\u00ed d\u011btsk\u00e1 h\u0159i\u0161t\u011b, venkovn\u00ed posilovny a n\u011bkde i vodn\u00ed plochy. Bydlen\u00ed tu zkr\u00e1tka z\u00edskalo jin\u00fd r\u00e1z a k p\u0159\u00edjemn\u00e9 atmosf\u00e9\u0159e p\u0159isp\u00edv\u00e1 i fakt, \u017ee tu prakticky odpad\u00e1 starost o \u00fadr\u017ebu dom\u016f, a \u017ee tu tamn\u00ed obyvatel\u00e9 pro\u017e\u00edvaj\u00ed \u017eivot sp\u00ed\u0161e bezstarostn\u00fd. Jedinou \u201estarost\u00ed\u201c je \u00faklid spole\u010dn\u00fdch prostor. O \u00faklidov\u00e9 pr\u00e1ce v domovn\u00edch prostor\u00e1ch se ale v n\u011bkter\u00fdch panelov\u00fdch domech staraj\u00ed profesion\u00e1lov\u00e9. Majitel\u00e9 domu (dru\u017estvo nebo SVJ) se dohodli, \u017ee budou z domovn\u00edho fondu vypl\u00e1cet \u00faklidovou firmu a ta se postar\u00e1 o ve\u0161ker\u00e9 \u00faklidov\u00e9 pr\u00e1ce, jako je zamet\u00e1n\u00ed a vyt\u00edr\u00e1n\u00ed chodeb a schodi\u0161\u0165, myt\u00ed oken, \u010di\u0161t\u011bn\u00ed a dezinfekce v\u00fdtahov\u00e9 kabinky, z\u00e1bradl\u00ed, vyp\u00edna\u010d\u016f, sv\u00edtidel, po\u0161tovn\u00edch schr\u00e1nek, vstupn\u00edch dve\u0159\u00ed a dal\u0161\u00edch p\u0159edm\u011bt\u016f, co jsou sou\u010d\u00e1st\u00ed vybaven\u00ed spole\u010dn\u00fdch prostor. \u00daklid panel\u00e1k\u016f se prov\u00e1d\u00ed na z\u00e1klad\u011b dohody v pravideln\u00fdch intervalech, v\u011bt\u0161ina z nich jednou t\u00fddn\u011b a n\u011bkter\u00e9 v r\u00e1mci gener\u00e1ln\u00edho \u00faklidu. \u00daklidov\u00e1 firma m\u016f\u017ee zajistit i ob\u010dasn\u00fd \u010di pravideln\u00fd \u00faklid jednotliv\u00fdch byt\u016f \u010di jejich \u010d\u00e1st\u00ed a pro mnoho obyvatel s\u00eddli\u0161\u0165 v Praze je to v\u00edtan\u00e1 pomoc. Bydlen\u00ed v Praze tak d\u00edky t\u00e9to iniciativ\u011b z\u00edsk\u00e1v\u00e1 v\u00fdrazn\u011b p\u0159\u00edjemn\u011bj\u0161\u00ed r\u00e1z, ne\u017e v dob\u011b, kdy se tu nat\u00e1\u010del filmov\u00fd seri\u00e1l s Vladim\u00edrem Men\u0161\u00edkem, Janou Hlav\u00e1\u010dovou, Lu\u010fkem Munzarem, Josefem Abrh\u00e1mem, V\u00e1clavem Postr\u00e1neck\u00fdm, Hanou Maciuchovou a dal\u0161\u00edmi vynikaj\u00edc\u00edmi herci t\u00e9 doby.                                                                                                                                                                                                                                                                                                                                                                                                   "},{"@context":"https:\/\/schema.org\/","@type":"BreadcrumbList","itemListElement":[{"@type":"ListItem","position":1,"name":"Profesion\u00e1ln\u00ed \u00faklid spole\u010dn\u00fdch prostor na s\u00eddli\u0161ti v Praze","item":"https:\/\/www.kulaga.cz\/profesionalni-uklid-spolecnych-prostor-na-sidlisti-v-praze\/#breadcrumbitem"}]}]