[{"@context":"https:\/\/schema.org\/","@type":"Article","@id":"https:\/\/www.kulaga.cz\/sibenik\/#Article","mainEntityOfPage":"https:\/\/www.kulaga.cz\/sibenik\/","headline":"\u0160ibenik","name":"\u0160ibenik","description":"\u0160ibenik je sice men\u0161\u00ed p\u0159\u00edmo\u0159sk\u00e9 m\u011bsto, ale ur\u010dit\u011b tu najdete kr\u00e1sn\u00e9 pam\u00e1tky a z\u00e1rove\u0148 p\u0159\u00edrodu. A nav\u00edc si odpo\u010dinete na pl\u00e1\u017e\u00edch.\u00a0\u0160ibenick\u00fd z\u00e1liv je p\u011bkn\u00fd a je zde kr\u00e1sn\u00fd v\u00fdhled na vodu. Pr\u00e1v\u011b zde se vl\u00e9v\u00e1 \u0159eka Krka, kter\u00e1 pat\u0159\u00ed k nejkr\u00e1sn\u011bj\u0161\u00edm. Krka se vl\u00e9v\u00e1 do mo\u0159e skrz Kanal svetog Ante, co\u017e je hodn\u011b hlubok\u00fd a [&hellip;]","datePublished":"2023-09-30","dateModified":"2023-09-30","author":{"@type":"Person","@id":"https:\/\/www.kulaga.cz\/author\/#Person","name":"","url":"https:\/\/www.kulaga.cz\/author\/","identifier":1,"image":{"@type":"ImageObject","@id":"https:\/\/secure.gravatar.com\/avatar\/69bd9b72104e3ccfb6214cbd23cb226f96c6ecf33a2a351fa1d4682235118df3?s=96&d=mm&r=g","url":"https:\/\/secure.gravatar.com\/avatar\/69bd9b72104e3ccfb6214cbd23cb226f96c6ecf33a2a351fa1d4682235118df3?s=96&d=mm&r=g","height":96,"width":96}},"publisher":{"@type":"Organization","name":"kulaga.cz","logo":{"@type":"ImageObject","@id":"\/logo.png","url":"\/logo.png","width":600,"height":60}},"image":{"@type":"ImageObject","@id":"https:\/\/www.kulaga.cz\/wp-content\/uploads\/mediterranean-4710099_640.jpg","url":"https:\/\/www.kulaga.cz\/wp-content\/uploads\/mediterranean-4710099_640.jpg","height":0,"width":0},"url":"https:\/\/www.kulaga.cz\/sibenik\/","about":["Dovolen\u00e1"],"wordCount":435,"articleBody":"\u0160ibenik je sice men\u0161\u00ed p\u0159\u00edmo\u0159sk\u00e9 m\u011bsto, ale ur\u010dit\u011b tu najdete kr\u00e1sn\u00e9 pam\u00e1tky a z\u00e1rove\u0148 p\u0159\u00edrodu. A nav\u00edc si odpo\u010dinete na pl\u00e1\u017e\u00edch.\u00a0\u0160ibenick\u00fd z\u00e1liv je p\u011bkn\u00fd a je zde kr\u00e1sn\u00fd v\u00fdhled na vodu. Pr\u00e1v\u011b zde se vl\u00e9v\u00e1 \u0159eka Krka, kter\u00e1 pat\u0159\u00ed k nejkr\u00e1sn\u011bj\u0161\u00edm. Krka se vl\u00e9v\u00e1 do mo\u0159e skrz Kanal svetog Ante, co\u017e je hodn\u011b hlubok\u00fd a \u00fazk\u00fd pr\u016fliv svat\u00e9ho Anton\u00edna. \u0160ibenik je proslul\u00fd pam\u011btihodnostmi, n\u011bkter\u00e9 jsou zapsan\u00e9 i na seznamu UNESCO.\u00a0Katedr\u00e1le sv. Jakuba je na seznamu UNESCO. \u00a0Pat\u0159\u00ed k nejkr\u00e1sn\u011bj\u0161\u00edm st\u0159edov\u011bk\u00fdm budov\u00e1m na sv\u011bt\u011b a z\u00e1rove\u0148 k dominant\u00e1m tohoto kr\u00e1sn\u00e9ho m\u011bsta.\u00a0Prvn\u00ed k\u00e1men katedr\u00e1ly byl polo\u017een v roce 1431 a katedr\u00e1la byla dostavena a\u017e v p\u016flce 16. stolet\u00ed. Katedr\u00e1la je kamenn\u00e1, tvo\u0159\u00ed ji v\u00e1penec i mramor, mramor stavitel\u00e9 nechali dov\u00e9zt z ostrova Bra\u010d. Ur\u010dit\u011b v\u00e1s na katedr\u00e1le zaujme 70 kamenn\u00fdch hlav. Tyto kamenn\u00e9 hlavy zn\u00e1zor\u0148uj\u00ed obyvatel\u00e9 \u0160ibeniku, kte\u0159\u00ed ve m\u011bst\u011b \u017eili b\u011bhem 15. stolet\u00ed.\u00a0\u00a0Mo\u0159sk\u00e1 pevnost sv. Mikul\u00e1\u0161e je tak\u00e9 na seznamu UNESCO a najdete ji na ostrov\u011b Ljuljevac.\u00a0N\u00e1m\u011bst\u00ed chorvatsk\u00e9 republiky je opravdu kr\u00e1sn\u00e9 a najdete zde budovu b\u00fdval\u00e9 radnice ze 16. stolet\u00ed. Je postavena v renesan\u010dn\u00edm slohu a v p\u0159\u00edzem\u00ed m\u016f\u017eete nav\u0161t\u00edvit \u00fatulnou kav\u00e1rni\u010dku. V hork\u00fdch dnech se tu p\u011bkn\u011b vychutn\u00e1v\u00e1 nap\u0159\u00edklad ledov\u00e1 k\u00e1va v p\u0159\u00edjemn\u00e9 historick\u00e9 atmosf\u00e9\u0159e. Vedle radnice si ur\u010dit\u011b v\u0161imnete schod\u016f, po kter\u00fdch se dostanete do star\u00e9ho m\u011bsta.\u00a0Kdy\u017e jste u mo\u0159e, ur\u010dit\u011b byste se r\u00e1di vykoupili v mo\u0159i.\u00a0Pl\u00e1\u017e Hangar m\u00e1 velmi slu\u0161n\u00e9 z\u00e1zem\u00ed. Sprchy, toalety a p\u0159evl\u00e9k\u00e1rny jsou samoz\u0159ejmost\u00ed. Posed\u011bt si m\u016f\u017eete v kav\u00e1rn\u00e1ch, v restauraci \u010di ve fast foodu, m\u016f\u017eete nav\u0161t\u00edvit obch\u016fdek se zdravou v\u00fd\u017eivou a obchod se sportovn\u00edmi pot\u0159ebami.\u00a0Pro d\u011bti je zde sk\u00e1kac\u00ed hrad, vl\u00e1\u010dek a koloto\u010de a pro star\u0161\u00ed se tu konaj\u00ed r\u016fzn\u00e9 p\u00e1rty. Osladit \u017eivot si m\u016f\u017eete v palan\u010dink\u00e1rn\u011b, ochladit se m\u016f\u017eete zmrzlinou v m\u00edstn\u00edm st\u00e1nku. Nechyb\u00ed tu ani potraviny. Nav\u00edc zde nechyb\u00ed sportovn\u00ed aktivity a mo\u017enosti. Plava pl\u00e1\u017e pat\u0159\u00ed k nejobl\u00edben\u011bj\u0161\u00edm a co se t\u00fdk\u00e1 kvality pl\u00e1\u017ee Hangar, nab\u00edz\u00ed to sam\u00e9.                                                                                                                                                                                                                                                                                                                                                                                                "},{"@context":"https:\/\/schema.org\/","@type":"BreadcrumbList","itemListElement":[{"@type":"ListItem","position":1,"name":"\u0160ibenik","item":"https:\/\/www.kulaga.cz\/sibenik\/#breadcrumbitem"}]}]