[{"@context":"https:\/\/schema.org\/","@type":"Article","@id":"https:\/\/www.kulaga.cz\/strach\/#Article","mainEntityOfPage":"https:\/\/www.kulaga.cz\/strach\/","headline":"Strach","name":"Strach","description":"S odvozem odpadu Praha se nemus\u00edte ni\u010deho b\u00e1t. Tedy rozhodn\u011b ne toho, \u017ee by n\u011bkde, kde m\u00e1 na starosti likvidaci nepo\u0159\u00e1dku, n\u011bjak pochybil. N\u00e1\u0161 starosta toti\u017e vyb\u00edral dlouho, ale nutno ve\u0159ejn\u011b a velmi nahlas prohl\u00e1sit, \u017ee vybral velmi dob\u0159e. Bylo to popravd\u011b jedno z jeho nejlep\u0161\u00edch rozhodnut\u00ed. No a t\u00edm si tak\u00e9 ud\u011blal u lid\u00ed [&hellip;]","datePublished":"2024-11-28","dateModified":"2024-11-28","author":{"@type":"Person","@id":"https:\/\/www.kulaga.cz\/author\/#Person","name":"","url":"https:\/\/www.kulaga.cz\/author\/","identifier":1,"image":{"@type":"ImageObject","@id":"https:\/\/secure.gravatar.com\/avatar\/69bd9b72104e3ccfb6214cbd23cb226f96c6ecf33a2a351fa1d4682235118df3?s=96&d=mm&r=g","url":"https:\/\/secure.gravatar.com\/avatar\/69bd9b72104e3ccfb6214cbd23cb226f96c6ecf33a2a351fa1d4682235118df3?s=96&d=mm&r=g","height":96,"width":96}},"publisher":{"@type":"Organization","name":"kulaga.cz","logo":{"@type":"ImageObject","@id":"\/logo.png","url":"\/logo.png","width":600,"height":60}},"url":"https:\/\/www.kulaga.cz\/strach\/","wordCount":197,"articleBody":"S odvozem odpadu Praha se nemus\u00edte ni\u010deho b\u00e1t. Tedy rozhodn\u011b ne toho, \u017ee by n\u011bkde, kde m\u00e1 na starosti likvidaci nepo\u0159\u00e1dku, n\u011bjak pochybil. N\u00e1\u0161 starosta toti\u017e vyb\u00edral dlouho, ale nutno ve\u0159ejn\u011b a velmi nahlas prohl\u00e1sit, \u017ee vybral velmi dob\u0159e. Bylo to popravd\u011b jedno z jeho nejlep\u0161\u00edch rozhodnut\u00ed. No a t\u00edm si tak\u00e9 ud\u011blal u lid\u00ed velk\u00e9 oko, oko s velk\u00fdm \u201eO\u201c. J\u00e1, jako jeho man\u017eelka jsem na n\u011bj neskute\u010dn\u011b py\u0161n\u00e1. T\u0159\u00edd\u011bn\u00ed\u00a8 Jsem toho n\u00e1zoru, \u017ee odpad by se t\u0159\u00eddit m\u011bl. Jen\u017ee, kdy\u017e jsme vid\u011bla, kam se s n\u00edm jezd\u00ed a jak dopad\u00e1, na jedn\u00e9 hromad\u011b, a\u0165 to bylo p\u0159edt\u00edm v jak\u00e9mkoli kontejneru, to m\u011b tedy dostalo. Tak pro\u010d to vlastn\u011b d\u011bl\u00e1me? Pro\u010d si kupujeme n\u011bkolik r\u016fznobarevn\u00fdch n\u00e1dob a u\u010d\u00edme to na\u0161e d\u011bti? V\u017edy\u0165 kdyby to sami vid\u011bly, v\u016fbec bych se jim nedivila, \u017ee by se na to cel\u00e9 vyka\u0161laly. Pro\u010d vlastn\u011b? Mohou ten \u010das v\u011bnovat rad\u011bji n\u011b\u010demu, co m\u00e1 skute\u010dn\u00fd smysl.                                                                                                                                                                                                                                                                                                                                                                                                "},{"@context":"https:\/\/schema.org\/","@type":"BreadcrumbList","itemListElement":[{"@type":"ListItem","position":1,"name":"Strach","item":"https:\/\/www.kulaga.cz\/strach\/#breadcrumbitem"}]}]